{"id":6896,"date":"2024-09-08T09:20:34","date_gmt":"2024-09-08T09:20:34","guid":{"rendered":"https:\/\/passermoving.com\/?p=6896"},"modified":"2024-09-08T09:20:36","modified_gmt":"2024-09-08T09:20:36","slug":"mudanza-y-renovacion-cambio-de-estacion","status":"publish","type":"post","link":"https:\/\/passermoving.com\/ca\/mudanca-i-renovacio-canvi-d-estacio\/","title":{"rendered":"Mudan\u00e7a i Renovaci\u00f3: Com preparar la teva llar per al canvi d&#039;estaci\u00f3"},"content":{"rendered":"<div data-elementor-type=\"wp-post\" data-elementor-id=\"6896\" class=\"elementor elementor-6896\" data-elementor-post-type=\"post\">\n\t\t\t\t\t\t<section class=\"elementor-section elementor-top-section elementor-element elementor-element-3bcf793 elementor-section-boxed elementor-section-height-default elementor-section-height-default\" data-id=\"3bcf793\" data-element_type=\"section\">\n\t\t\t\t\t\t<div class=\"elementor-container elementor-column-gap-default\">\n\t\t\t\t\t<div class=\"elementor-column elementor-col-100 elementor-top-column elementor-element elementor-element-22b823b6\" data-id=\"22b823b6\" data-element_type=\"column\">\n\t\t\t<div class=\"elementor-widget-wrap elementor-element-populated\">\n\t\t\t\t\t\t<div class=\"elementor-element elementor-element-6d706b9 elementor-widget__width-initial elementor-widget elementor-widget-text-editor\" data-id=\"6d706b9\" data-element_type=\"widget\" data-widget_type=\"text-editor.default\">\n\t\t\t\t<div class=\"elementor-widget-container\">\n\t\t\t\t\t\t\t\t\t<h1><b>Mudar-se i renovar la teva llar a la tardor<\/b><\/h1><p><span style=\"font-weight: 400;\">Mudar-se i renovar la teva llar a la tardor \u00e9s una excel\u00b7lent oportunitat per organitzar i redecorar, aprofitant el canvi d&#039;estaci\u00f3 per donar un nou aire al teu espai. Aquesta temporada ofereix el moment ideal per renovar el teu entorn, adaptant-lo a les necessitats i vibres c\u00e0lides que caracteritzen la tardor. En aquest article, us oferim una guia completa sobre mudan\u00e7a i renovaci\u00f3, amb consells pr\u00e0ctics per preparar la vostra llar i gaudir de la tardor al m\u00e0xim.<\/span><\/p><h2><b>Nou Comen\u00e7ament i Personalitzaci\u00f3<\/b><\/h2><p><span style=\"font-weight: 400;\">Despr\u00e9s d&#039;una mudan\u00e7a, la renovaci\u00f3 \u00e9s m\u00e9s que un canvi est\u00e8tic; \u00e9s una oportunitat per comen\u00e7ar de nou. Permet personalitzar el teu espai segons les teves necessitats, desitjos i estil personal. Pots desfer-te de mobles i objectes que ja no et representen o que no encaixen a la teva nova llar. \u00c9s el moment perfecte per donar forma a un espai que realment reflecteixi qui ets, ajustant-ho al teu gust i fent-ho veritablement teu.<\/span><\/p><h2><b>Adaptar la llar a la tardor<\/b><\/h2><p><span style=\"font-weight: 400;\">La tardor comporta temperatures m\u00e9s fresques, dies m\u00e9s curts i una atmosfera que convida al descans. Aprofitar la renovaci\u00f3 per adaptar la teva llar a aquesta estaci\u00f3 pot marcar una gran difer\u00e8ncia en com gaudeixes del teu espai. Integrar colors c\u00e0lids, com tons taronges, marrons, i textures suaus com llanes i vellut, pot transformar qualsevol habitaci\u00f3 en un refugi acollidor que convidi al confort i al descans.<\/span><\/p><h2><b>Organitzaci\u00f3 i Optimitzaci\u00f3 de l&#039;Espai<\/b><\/h2><p><span style=\"font-weight: 400;\">La mudan\u00e7a no nom\u00e9s \u00e9s un proc\u00e9s f\u00edsic, sin\u00f3 tamb\u00e9 una gran oportunitat per reorganitzar i optimitzar cada rac\u00f3 de la teva nova llar. Aprofita per avaluar l\u00fas de cada habitaci\u00f3 i repensar la disposici\u00f3 de mobles i elements decoratius. Una organitzaci\u00f3 estrat\u00e8gica pot millorar significativament la funcionalitat de casa teva, assegurant-te que cada espai estigui optimitzat per a les teves necessitats di\u00e0ries i estil de vida.<\/span><\/p><h3><b>Desembalatge Estrat\u00e8gic<\/b><\/h3><p><span style=\"font-weight: 400;\">Un desembalatge ben planificat \u00e9s clau per a una mudan\u00e7a amb \u00e8xit. Comen\u00e7a pels articles essencials i organitza les teves pertinences habitaci\u00f3 per habitaci\u00f3. Aquest enfocament et permetr\u00e0 avaluar quins mobles i decoracions s&#039;adapten millor a cada espai, i tamb\u00e9 identificar quins canvis necessites fer perqu\u00e8 la teva llar sigui pr\u00e0ctica i acollidora des del primer moment.<\/span><\/p><h2><b>Selecci\u00f3 de Colors i Materials<\/b><\/h2><p><span style=\"font-weight: 400;\">La tardor \u00e9s una estaci\u00f3 plena de colors c\u00e0lids i acollidors. Selecciona una paleta que inclogui tons com el taronja, marr\u00f3, vermell i verd oliva per crear un ambient harmoni\u00f3s i acollidor. Aquests colors no nom\u00e9s aporten calidesa, sin\u00f3 que tamb\u00e9 s\u00f3n vers\u00e0tils i es poden combinar f\u00e0cilment amb diferents estils decoratius.<\/span><\/p><h3><b>Pintura i Parets<\/b><\/h3><p><span style=\"font-weight: 400;\">Si planeges pintar durant la renovaci\u00f3, considera optar per colors de tardor o papers pintats amb patrons subtils que evoquin la temporada. Una paret d\u00b4accent en un to c\u00e0lid o amb textura pot canviar completament la sensaci\u00f3 d\u00b4una habitaci\u00f3, donant-li un aire renovat i acollidor que convida al descans i gaudi.<\/span><\/p><h3><b>T\u00e8xtils i Accessoris<\/b><\/h3><p><span style=\"font-weight: 400;\">Els t\u00e8xtils s\u00f3n essencials per donar calidesa a casa teva a la tardor. Afegeix mantes de llana, coixins de vellut i cortines gruixudes per aportar no nom\u00e9s calidesa visual, sin\u00f3 tamb\u00e9 per millorar l&#039;efici\u00e8ncia energ\u00e8tica, mantenint la calor dins de la llar. Els accessoris, com catifes toves i mantes decoratives, s\u00f3n complements ideals per accentuar la tem\u00e0tica tardorenca.<\/span><\/p><h2><b>Redistribuci\u00f3 de mobles<\/b><\/h2><p><span style=\"font-weight: 400;\">La renovaci\u00f3 \u00e9s el moment perfecte per experimentar amb la disposici\u00f3 dels teus mobles. Proveu diferents configuracions fins trobar la que millor aprofiti la llum natural i creeu un flux c\u00f2mode a cada habitaci\u00f3. Juga amb la col\u00b7locaci\u00f3 de sof\u00e0s, taules i prestatgeries per maximitzar la funcionalitat i crear un ambient harmoni\u00f3s i equilibrat.<\/span><\/p><h3><b>Incorporaci\u00f3 de mobles de tardor<\/b><\/h3><p><span style=\"font-weight: 400;\">Afegeix peces funcionals i decoratives que no nom\u00e9s complementin el teu estil, sin\u00f3 que tamb\u00e9 siguin pr\u00e0ctiques per a la temporada. Mobles com a bancs d&#039;emmagatzematge, taules auxiliars de fusta i prestatgeries obertes no nom\u00e9s aporten car\u00e0cter, sin\u00f3 que tamb\u00e9 ofereixen solucions d&#039;emmagatzematge addicionals, mantenint la teva llar organitzada i llest per a la tardor.<\/span><\/p><h2><b>Il\u00b7luminaci\u00f3 Acord a l&#039;Estaci\u00f3<\/b><\/h2><h3><b>Llums i espelmes<\/b><\/h3><p><span style=\"font-weight: 400;\">La il\u00b7luminaci\u00f3 adequada \u00e9s fonamental a la tardor, ja que els dies s\u00f3n m\u00e9s curts i les nits m\u00e9s llargues. Incorpora llums de peu, de taula, i aplics de paret per crear punts de llum suaus que afegeixin calidesa i confort als teus espais. Les espelmes tamb\u00e9 s\u00f3n excel\u00b7lents per donar un toc c\u00e0lid i decoratiu, creant un ambient \u00edntim i acollidor.<\/span><\/p><h3><b>Llum Natural<\/b><\/h3><p><span style=\"font-weight: 400;\">La llum natural \u00e9s un recurs invaluable a la tardor. Aprofita al m\u00e0xim les hores de llum del dia mantenint les finestres clares i usant cortines lleugeres que permetin l&#039;entrada de llum. Aix\u00f2 no sols il\u00b7lumina els espais de manera natural, sin\u00f3 que tamb\u00e9 millora l&#039;estat d&#039;\u00e0nim, fent que la teva llar se senti m\u00e9s vibrant i acollidora.<\/span><\/p><h3><b>Preparar l&#039;Exterior de la Llar<\/b><\/h3><p><span style=\"font-weight: 400;\">L&#039;exterior de casa teva tamb\u00e9 mereix atenci\u00f3 durant la tardor. Encara que les temperatures puguin ser m\u00e9s fredes, amb alguns ajustaments, la teva terrassa o jard\u00ed poden continuar sent espais agradables per gaudir-ne.<\/span><\/p><h3><b>Neteja i Manteniment<\/b><\/h3><p><span style=\"font-weight: 400;\">Dediqueu temps a netejar els jardins, recollir les fulles caigudes i guardar els mobles d&#039;estiu. Afegir plantes de temporada, com crisantems o carbasses decoratives, pot donar-li un toc tardorenc i acollidor a la teva entrada, creant un ambient que et doni la benvinguda cada cop que arribis a casa.<\/span><\/p><h3><b>Decoraci\u00f3 Exterior<\/b><\/h3><p><span style=\"font-weight: 400;\">Afegeix llums c\u00e0lides, fanals i catifes exteriors per transformar el teu espai exterior en un lloc acollidor i atractiu. Uns petits tocs decoratius poden marcar una gran difer\u00e8ncia, fent que la teva llar se senti completa tant per dins com per fora.<\/span><\/p><h2><b>Consells Addicionals per Facilitar la Mudan\u00e7a i Renovaci\u00f3<\/b><\/h2><h3><b>Planificaci\u00f3 i Organitzaci\u00f3<\/b><\/h3><p><span style=\"font-weight: 400;\">Una planificaci\u00f3 detallada \u00e9s clau per a una mudan\u00e7a i una renovaci\u00f3 exitosa. Crea un calendari de tasques que t&#039;ajudi a organitzar cada etapa del proc\u00e9s, des de la mudan\u00e7a fins als darrers tocs decoratius. Establir prioritats i dates l\u00edmit evitar\u00e0 que et sentis aclaparat i et permetr\u00e0 mantenir-te enfocat.<\/span><\/p><h3><b>Dividir a Etapes<\/b><\/h3><p><span style=\"font-weight: 400;\">Aborda la renovaci\u00f3 en etapes, comen\u00e7ant per les \u00e0rees de m\u00e9s \u00fas com la sala d&#039;estar i la cuina. Aquest enfocament gradual fa que el proc\u00e9s sigui m\u00e9s manejable, permetent gaudir de cada espai renovat a mesura que avances, sense la pressi\u00f3 d&#039;haver de fer-ho tot alhora.<\/span><\/p><h2><b>Considera la Contractaci\u00f3 de Professionals<\/b><\/h2><p><span style=\"font-weight: 400;\">Si la renovaci\u00f3 de casa teva implica canvis significatius, considera la possibilitat de contractar professionals que t&#039;ajudin en el proc\u00e9s. Serveis com Passermoving no nom\u00e9s faciliten la mudan\u00e7a, sin\u00f3 que tamb\u00e9 ofereixen assist\u00e8ncia addicional per a la renovaci\u00f3, fent que la transici\u00f3 a la teva nova llar sigui el m\u00e9s senzilla i plaent possible.<\/span><\/p><h2><b>Conclusi\u00f3<\/b><\/h2><p><span style=\"font-weight: 400;\">Una <\/span><b>mudan\u00e7a i renovaci\u00f3<\/b><span style=\"font-weight: 400;\"> a la tardor \u00e9s una excel\u00b7lent manera de preparar la teva llar per a la nova estaci\u00f3. Aprofita el canvi per reorganitzar, redecorar i crear un espai acollidor i funcional. Seguint aquests consells, pots assegurar-te que la teva llar estigui a punt per rebre la tardor amb estil i comoditat. Confia en <\/span><b>Passermoving<\/b><span style=\"font-weight: 400;\"> per recolzar-te en cada pas del cam\u00ed, assegurant una experi\u00e8ncia de mudan\u00e7a sense estr\u00e8s i una renovaci\u00f3 amb \u00e8xit.<\/span><\/p>\t\t\t\t\t\t\t\t<\/div>\n\t\t\t\t<\/div>\n\t\t\t\t\t<\/div>\n\t\t<\/div>\n\t\t\t\t\t<\/div>\n\t\t<\/section>\n\t\t\t\t<section class=\"elementor-section elementor-top-section elementor-element elementor-element-47c74b8 elementor-section-boxed elementor-section-height-default elementor-section-height-default\" data-id=\"47c74b8\" data-element_type=\"section\">\n\t\t\t\t\t\t<div class=\"elementor-container elementor-column-gap-default\">\n\t\t\t\t\t<div class=\"elementor-column elementor-col-50 elementor-top-column elementor-element elementor-element-f144763\" data-id=\"f144763\" data-element_type=\"column\">\n\t\t\t<div class=\"elementor-widget-wrap elementor-element-populated\">\n\t\t\t\t\t\t<div class=\"elementor-element elementor-element-0d8a837 elementor-widget elementor-widget-image\" data-id=\"0d8a837\" data-element_type=\"widget\" data-widget_type=\"image.default\">\n\t\t\t\t<div class=\"elementor-widget-container\">\n\t\t\t\t\t\t\t\t\t\t\t\t\t\t\t\t<a href=\"https:\/\/passermoving.com\/ca\/mudances-nacionals\/\">\n\t\t\t\t\t\t\t<img fetchpriority=\"high\" decoding=\"async\" width=\"800\" height=\"671\" src=\"https:\/\/passermoving.com\/wp-content\/uploads\/2024\/09\/blog-passer-2-3.jpg\" class=\"attachment-large size-large wp-image-6899\" alt=\"Mudan\u00e7a i Renovaci\u00f3\" srcset=\"https:\/\/passermoving.com\/wp-content\/uploads\/2024\/09\/blog-passer-2-3.jpg 940w, https:\/\/passermoving.com\/wp-content\/uploads\/2024\/09\/blog-passer-2-3-300x251.jpg 300w, https:\/\/passermoving.com\/wp-content\/uploads\/2024\/09\/blog-passer-2-3-768x644.jpg 768w, https:\/\/passermoving.com\/wp-content\/uploads\/2024\/09\/blog-passer-2-3-14x12.jpg 14w\" sizes=\"(max-width: 800px) 100vw, 800px\" \/>\t\t\t\t\t\t\t\t<\/a>\n\t\t\t\t\t\t\t\t\t\t\t\t\t\t\t<\/div>\n\t\t\t\t<\/div>\n\t\t\t\t\t<\/div>\n\t\t<\/div>\n\t\t\t\t<div class=\"elementor-column elementor-col-50 elementor-top-column elementor-element elementor-element-feb3980\" data-id=\"feb3980\" data-element_type=\"column\">\n\t\t\t<div class=\"elementor-widget-wrap elementor-element-populated\">\n\t\t\t\t\t\t<div class=\"elementor-element elementor-element-6d7c933 elementor-widget elementor-widget-image\" data-id=\"6d7c933\" data-element_type=\"widget\" data-widget_type=\"image.default\">\n\t\t\t\t<div class=\"elementor-widget-container\">\n\t\t\t\t\t\t\t\t\t\t\t\t\t\t\t\t<a href=\"https:\/\/european-union.europa.eu\/index_es\" target=\"_blank\" rel=\"noopener\">\n\t\t\t\t\t\t\t<img decoding=\"async\" width=\"800\" height=\"800\" src=\"https:\/\/passermoving.com\/wp-content\/uploads\/2024\/09\/PLANTILLA-RRSS-PASSER-1024x1024.jpg\" class=\"attachment-large size-large wp-image-6900\" alt=\"Mudan\u00e7a i Renovaci\u00f3\" srcset=\"https:\/\/passermoving.com\/wp-content\/uploads\/2024\/09\/PLANTILLA-RRSS-PASSER-1024x1024.jpg 1024w, https:\/\/passermoving.com\/wp-content\/uploads\/2024\/09\/PLANTILLA-RRSS-PASSER-300x300.jpg 300w, https:\/\/passermoving.com\/wp-content\/uploads\/2024\/09\/PLANTILLA-RRSS-PASSER-150x150.jpg 150w, https:\/\/passermoving.com\/wp-content\/uploads\/2024\/09\/PLANTILLA-RRSS-PASSER-768x768.jpg 768w, https:\/\/passermoving.com\/wp-content\/uploads\/2024\/09\/PLANTILLA-RRSS-PASSER-12x12.jpg 12w, https:\/\/passermoving.com\/wp-content\/uploads\/2024\/09\/PLANTILLA-RRSS-PASSER.jpg 1200w\" sizes=\"(max-width: 800px) 100vw, 800px\" \/>\t\t\t\t\t\t\t\t<\/a>\n\t\t\t\t\t\t\t\t\t\t\t\t\t\t\t<\/div>\n\t\t\t\t<\/div>\n\t\t\t\t<div class=\"elementor-element elementor-element-66863f2 elementor-widget elementor-widget-text-editor\" data-id=\"66863f2\" data-element_type=\"widget\" data-widget_type=\"text-editor.default\">\n\t\t\t\t<div class=\"elementor-widget-container\">\n\t\t\t\t\t\t\t\t\t<p>Visita la nostra entrada a RRSS<\/p>\t\t\t\t\t\t\t\t<\/div>\n\t\t\t\t<\/div>\n\t\t\t\t\t<\/div>\n\t\t<\/div>\n\t\t\t\t\t<\/div>\n\t\t<\/section>\n\t\t\t\t<section class=\"elementor-section elementor-top-section elementor-element elementor-element-570a161 elementor-section-boxed elementor-section-height-default elementor-section-height-default\" data-id=\"570a161\" data-element_type=\"section\" data-settings=\"{&quot;background_background&quot;:&quot;classic&quot;,&quot;shape_divider_top&quot;:&quot;tilt&quot;,&quot;shape_divider_bottom&quot;:&quot;tilt&quot;}\">\n\t\t\t\t\t\t\t<div class=\"elementor-background-overlay\"><\/div>\n\t\t\t\t\t\t<div class=\"elementor-shape elementor-shape-top\" aria-hidden=\"true\" data-negative=\"false\">\n\t\t\t<svg xmlns=\"http:\/\/www.w3.org\/2000\/svg\" viewbox=\"0 0 1000 100\" preserveaspectratio=\"none\">\n\t<path class=\"elementor-shape-fill\" d=\"M0,6V0h1000v100L0,6z\"\/>\n<\/svg>\t\t<\/div>\n\t\t\t\t<div class=\"elementor-shape elementor-shape-bottom\" aria-hidden=\"true\" data-negative=\"false\">\n\t\t\t<svg xmlns=\"http:\/\/www.w3.org\/2000\/svg\" viewbox=\"0 0 1000 100\" preserveaspectratio=\"none\">\n\t<path class=\"elementor-shape-fill\" d=\"M0,6V0h1000v100L0,6z\"\/>\n<\/svg>\t\t<\/div>\n\t\t\t\t\t<div class=\"elementor-container elementor-column-gap-default\">\n\t\t\t\t\t<div class=\"elementor-column elementor-col-100 elementor-top-column elementor-element elementor-element-ccba775\" data-id=\"ccba775\" data-element_type=\"column\">\n\t\t\t<div class=\"elementor-widget-wrap elementor-element-populated\">\n\t\t\t\t\t\t<div class=\"elementor-element elementor-element-0ede312 elementor-widget elementor-widget-heading\" data-id=\"0ede312\" data-element_type=\"widget\" data-widget_type=\"heading.default\">\n\t\t\t\t<div class=\"elementor-widget-container\">\n\t\t\t\t\t<h2 class=\"elementor-heading-title elementor-size-default\">Necessites fer una mudan\u00e7a? podem ajudar-te<\/h2>\t\t\t\t<\/div>\n\t\t\t\t<\/div>\n\t\t\t\t<div class=\"elementor-element elementor-element-fe86fe7 elementor-widget elementor-widget-text-editor\" data-id=\"fe86fe7\" data-element_type=\"widget\" data-widget_type=\"text-editor.default\">\n\t\t\t\t<div class=\"elementor-widget-container\">\n\t\t\t\t\t\t\t\t\t<p>A Passer sempre estem disposats a col\u00b7laborar<\/p>\t\t\t\t\t\t\t\t<\/div>\n\t\t\t\t<\/div>\n\t\t\t\t<div class=\"elementor-element elementor-element-f64afc0 elementor-widget__width-auto elementor-widget elementor-widget-button\" data-id=\"f64afc0\" data-element_type=\"widget\" data-widget_type=\"button.default\">\n\t\t\t\t<div class=\"elementor-widget-container\">\n\t\t\t\t\t\t\t\t\t<div class=\"elementor-button-wrapper\">\n\t\t\t\t\t<a class=\"elementor-button elementor-button-link elementor-size-sm elementor-animation-grow\" href=\"https:\/\/passermoving.com\/ca\/contacte\/\">\n\t\t\t\t\t\t<span class=\"elementor-button-content-wrapper\">\n\t\t\t\t\t\t\t\t\t<span class=\"elementor-button-text\">CONTACTA AMB NOSALTRES<\/span>\n\t\t\t\t\t<\/span>\n\t\t\t\t\t<\/a>\n\t\t\t\t<\/div>\n\t\t\t\t\t\t\t\t<\/div>\n\t\t\t\t<\/div>\n\t\t\t\t\t<\/div>\n\t\t<\/div>\n\t\t\t\t\t<\/div>\n\t\t<\/section>\n\t\t\t\t<\/div>","protected":false},"excerpt":{"rendered":"<p>Mudar-se i renovar la teva llar a la tardor Mudar-se i renovar la teva llar a la tardor \u00e9s una excel\u00b7lent oportunitat per organitzar i redecorar, aprofitant el canvi d&#039;estaci\u00f3 per donar un nou aire al teu espai. Aquesta temporada ofereix el moment ideal per renovar el teu entorn, adaptant-lo a les necessitats i vibres c\u00e0lides que caracteritzen [...]<\/p>","protected":false},"author":2,"featured_media":6899,"comment_status":"open","ping_status":"open","sticky":false,"template":"","format":"standard","meta":{"footnotes":""},"categories":[20,21],"tags":[],"class_list":["post-6896","post","type-post","status-publish","format-standard","has-post-thumbnail","hentry","category-mudanza-nacional","category-mudanza-internacional"],"_links":{"self":[{"href":"https:\/\/passermoving.com\/ca\/wp-json\/wp\/v2\/posts\/6896","targetHints":{"allow":["GET"]}}],"collection":[{"href":"https:\/\/passermoving.com\/ca\/wp-json\/wp\/v2\/posts"}],"about":[{"href":"https:\/\/passermoving.com\/ca\/wp-json\/wp\/v2\/types\/post"}],"author":[{"embeddable":true,"href":"https:\/\/passermoving.com\/ca\/wp-json\/wp\/v2\/users\/2"}],"replies":[{"embeddable":true,"href":"https:\/\/passermoving.com\/ca\/wp-json\/wp\/v2\/comments?post=6896"}],"version-history":[{"count":0,"href":"https:\/\/passermoving.com\/ca\/wp-json\/wp\/v2\/posts\/6896\/revisions"}],"wp:featuredmedia":[{"embeddable":true,"href":"https:\/\/passermoving.com\/ca\/wp-json\/wp\/v2\/media\/6899"}],"wp:attachment":[{"href":"https:\/\/passermoving.com\/ca\/wp-json\/wp\/v2\/media?parent=6896"}],"wp:term":[{"taxonomy":"category","embeddable":true,"href":"https:\/\/passermoving.com\/ca\/wp-json\/wp\/v2\/categories?post=6896"},{"taxonomy":"post_tag","embeddable":true,"href":"https:\/\/passermoving.com\/ca\/wp-json\/wp\/v2\/tags?post=6896"}],"curies":[{"name":"wp","href":"https:\/\/api.w.org\/{rel}","templated":true}]}}